{"id":1533,"count":6,"description":"O p\u00f3 de papoila, ou Aker Fassi, \u00e9 um ingrediente tradicional da cozinha marroquina. Este p\u00f3 vermelho escuro \u00e9 obtido atrav\u00e9s da moagem de p\u00e9talas de papoila secas! Muito utilizado como corante e aromatizante em pratos doces e salgados, vai certamente encant\u00e1-lo. N\u00e3o vamos dizer mais nada sobre ele e descobrir qual \u00e9 o seu<strong>\u00a0grossista aker fassi\u00a0<\/strong>que vos espera!\r\n<h2><strong>Descubra o seu grossista aker fassi!<\/strong><\/h2>\r\nA sua loja virtual quer promover o\u2019<strong>aker fassi grossista<\/strong>\u00a0! De facto, para al\u00e9m do seu sabor subtilmente doce, o p\u00f3 de papoila \u00e9 tamb\u00e9m apreciado pelas suas propriedades medicinais.\r\n<h3><strong>Grossista aker fassi: foco nos benef\u00edcios!<\/strong><\/h3>\r\n\u00c9 verdade que este\u00a0<strong>p\u00f3 natural<\/strong>\u00a0est souvent utilis\u00e9e pour traiter les maux de t\u00eate, l'insomnie mais aussi l'anxi\u00e9t\u00e9. De plus, certains s\u2019adonnent m\u00eame ainsi \u00e0 l\u2019utiliser afin d\u2019aider \u00e0 r\u00e9duire les inflammations et les douleurs articulaires.\r\n\r\nEn effet, l\u2019aker fassi en gros est \u00e9galement riche en antioxydants, ce qui en fait un excellent compl\u00e9ment alimentaire !\r\n\r\nEt cela peut aider \u00e0 renforcer le <a href=\"https:\/\/ventesengros.fr\/pt\/product-category\/huile-de-nigelle\/\"><strong>sistema imunit\u00e1rio<\/strong><\/a> et prot\u00e9ger contre les maladies chroniques.\r\n\r\nPar ailleurs, en dehors de la cuisine et de la m\u00e9decine, la poudre de coquelicot se voit \u00e9galement utilis\u00e9e diff\u00e9remment !\r\n\r\nEn effet, cette derni\u00e8re appara\u00eet dans la fabrication de certains<strong>\u00a0cosm\u00e9ticos naturais<\/strong>. Pode ser adicionado a sabonetes, lo\u00e7\u00f5es e b\u00e1lsamos!\r\n<h3><strong>Modo de utiliza\u00e7\u00e3o\u00a0<\/strong><\/h3>\r\n\u00c9 importante notar que o seu\u00a0<strong>grossista de p\u00f3 de aker fassi<\/strong>\u00a0vous conseille de la consommer en mod\u00e9ration. De plus, il est \u00e9galement n\u00e9cessaire de s'assurer qu\u2019elle est obtenue \u00e0 partir de p\u00e9tales de coquelicot purs et non trait\u00e9s, pour \u00e9viter toute contamination.\r\n\r\nEn effet, la<strong>\u00a0papoila em p\u00f3\u00a0<\/strong>est un ingr\u00e9dient polyvalent et b\u00e9n\u00e9fique pour la sant\u00e9. Elle peut \u00eatre utilis\u00e9e dans une vari\u00e9t\u00e9 de domaines, de la cuisine \u00e0 la m\u00e9decine en passant par la cosm\u00e9tique.\r\n\r\nCependant, elle doit \u00eatre consomm\u00e9e avec mod\u00e9ration et avec pr\u00e9caution, pour \u00e9viter tout effet ind\u00e9sirable.","link":"https:\/\/ventesengros.fr\/pt\/product-category\/grossista-aker-fassi\/","name":"Grossista aker fassi","slug":"grossiste-aker-fassi","taxonomy":"product_cat","parent":0,"meta":[],"menu_order":0,"_links":{"self":[{"href":"https:\/\/ventesengros.fr\/pt\/wp-json\/wp\/v2\/product_cat\/1533","targetHints":{"allow":["GET"]}}],"collection":[{"href":"https:\/\/ventesengros.fr\/pt\/wp-json\/wp\/v2\/product_cat"}],"about":[{"href":"https:\/\/ventesengros.fr\/pt\/wp-json\/wp\/v2\/taxonomies\/product_cat"}],"wp:post_type":[{"href":"https:\/\/ventesengros.fr\/pt\/wp-json\/wp\/v2\/product?product_cat=1533"}],"curies":[{"name":"wp","href":"https:\/\/api.w.org\/{rel}","templated":true}]}}