{"id":1458,"count":4,"description":"<strong>Cabelos secos, danificados ou com queda<\/strong>, Queda de cabelo, queda de cabelo, queda de cabelo - estes s\u00e3o apenas alguns dos problemas capilares que podem tornar a vida dif\u00edcil! Uma das chaves para um\u00a0<strong>cabelo bonito<\/strong>, \u00e9 a manuten\u00e7\u00e3o! Ent\u00e3o, sabe\u00a0<strong>\u00f3leo de cobra por atacado<\/strong>\u00a0?\r\n\r\nInconnue de la plupart, cet \u00e9lixir est en ce moment sous les feux des projecteurs pour ses\u00a0<strong>numerosos benef\u00edcios para o cuidado do cabelo.\u00a0<\/strong>\r\n<h2><strong>Em poucas palavras, o que \u00e9 o \u00f3leo de cobra?<\/strong>\u00a0?<\/h2>\r\nTamb\u00e9m conhecido como\u00a0<strong>Cobra ou El Haya<\/strong>, \u00e9 um\u00a0<strong>mistura de 8 \u00f3leos vegetais.\u00a0<\/strong>Funciona gra\u00e7as a uma sinergia \u00fanica, que d\u00e1 origem a uma\u00a0<a href=\"https:\/\/www.vertus-dorient.com\/70-huile-de-serpent\" target=\"_blank\" rel=\"noopener\"><strong>produto nutritivo e eficaz para o cabelo<\/strong><\/a>.\r\n\r\nCe\u00a0<strong>tesouro natural<\/strong>\u00a0\u00e9 constitu\u00eddo por\u00a0<strong>\u00f3leo de r\u00edcino, \u00f3leo de am\u00eandoas doces, \u00f3leo de abacate, \u00f3leo de arg\u00e3o, \u00f3leo de s\u00e9samo, \u00f3leo de coco, \u00f3leo de soja e, por \u00faltimo mas n\u00e3o menos importante, \u00f3leo de r\u00facula.<\/strong>\r\n\r\nHabilement con\u00e7u et \u00e9labor\u00e9 avec minutie, ce cosm\u00e9tique en gros voit sa notori\u00e9t\u00e9 s\u2019accro\u00eetre\u00a0!\r\n\r\nD\u2019une contenance de\u00a0<strong>250 ml<\/strong>\u00a0Est\u00e1 dispon\u00edvel em embalagens de 6 garrafas, e sempre a um pre\u00e7o muito acess\u00edvel!\r\n<h3><strong>\u00d3leo de cobra a granel e seus benef\u00edcios\u00a0<\/strong><\/h3>\r\nComecemos a nossa apresenta\u00e7\u00e3o das virtudes deste \u00f3leo pelo \u00f3leo de r\u00edcino. Conhecido e reconhecido como um trunfo para ajudar a\u00a0<strong>crescimento do cabelo!<\/strong>\r\n\r\nContinuemos com o arg\u00e3o e o s\u00e9samo, ambos conhecidos pela sua\u00a0<strong>propriedades protectoras.\u00a0<\/strong>\r\n\r\nAjoutons l\u2019amande douce et l\u2019avocat, qui apportent une touche nourrissante n\u00e9c\u00e9ssaire.\r\n\r\nTerminons enfin par l\u2019huile de coco, de roquette et de soja, donnant \u00e0 eux trois, brillance et assainissement du cuir chevelu.\r\n\r\nComment dire qu\u2019un tel m\u00e9lange est la combinaison parfaite pour r\u00e9parer les cheveux ab\u00eem\u00e9s, redonner de la brillance, tout en\u00a0<strong>nutrir o cabelo<\/strong>.\r\n\r\nPar ailleurs, si les\u00a0<strong>cuidados capilares por atacado<\/strong>\u00a0o vosso interesse, o vosso\u00a0<strong>grossista online barato<\/strong>\u00a0tamb\u00e9m tem uma vasta escolha! Descubra em particular\u00a0<strong>a <a href=\"https:\/\/ventesengros.fr\/pt\/product-category\/grossiste-henne\/\">p\u00f3 de hena<\/a><\/strong>, e\u00a0<strong>argila cor-de-rosa, azul e branca<\/strong>, e\u00a0<strong>verde,\u00a0<\/strong>para completar o seu<strong>\u00a0cuidados de beleza<\/strong>\u00a0!\r\n<h2><strong>Como \u00e9 que utilizo este cosm\u00e9tico?\u00a0<\/strong><\/h2>\r\n<ol>\r\n \t<li>Tal como acontece com um\u00a0<strong>cuidados capilares<\/strong>\u00a0Aplicar desde a raiz at\u00e9 \u00e0s pontas do cabelo. Massajar bem com movimentos circulares.\u00a0<strong>couro cabeludo<\/strong>.<\/li>\r\n \t<li>Deixar repousar durante alguns minutos, at\u00e9 o tratamento ser totalmente absorvido; ;<\/li>\r\n \t<li>Por fim, enxaguar abundantemente.<\/li>\r\n<\/ol>\r\nUm pequeno ritual a repetir de quinze em quinze dias!","link":"https:\/\/ventesengros.fr\/pt\/product-category\/oleo-de-cobra\/","name":"Grossista de \u00f3leo de cobra","slug":"huile-de-serpent","taxonomy":"product_cat","parent":0,"meta":[],"menu_order":0,"_links":{"self":[{"href":"https:\/\/ventesengros.fr\/pt\/wp-json\/wp\/v2\/product_cat\/1458","targetHints":{"allow":["GET"]}}],"collection":[{"href":"https:\/\/ventesengros.fr\/pt\/wp-json\/wp\/v2\/product_cat"}],"about":[{"href":"https:\/\/ventesengros.fr\/pt\/wp-json\/wp\/v2\/taxonomies\/product_cat"}],"wp:post_type":[{"href":"https:\/\/ventesengros.fr\/pt\/wp-json\/wp\/v2\/product?product_cat=1458"}],"curies":[{"name":"wp","href":"https:\/\/api.w.org\/{rel}","templated":true}]}}