{"id":29120,"date":"2014-07-19T11:48:19","date_gmt":"2014-07-19T10:48:19","guid":{"rendered":"http:\/\/pietra-communication.com\/ventesengros.fr\/?p=29120"},"modified":"2016-11-30T18:26:33","modified_gmt":"2016-11-30T17:26:33","slug":"test-avis-pommade-capillaire-coco-plantil","status":"publish","type":"post","link":"https:\/\/ventesengros.fr\/pt\/opiniao-de-teste-pomada-capilar-coco-plantil\/","title":{"rendered":"Teste da pomada capilar \u00bbPLANTIL\u00bb"},"content":{"rendered":"<p><span style=\"color: #37404e;\">Hoje testei o <strong>POMADA DE CABELO\u00a0<\/strong><span style=\"color: #222222;\"><strong>COCO<\/strong> da PLANTIL<\/span>\u00a0. Esta pomada \u00e9 \u00e0 base de \u00f3leos vegetais com m\u00faltiplas virtudes. .\u00a0<\/span><\/p>\n<p style=\"text-align: center;\"><a href=\"http:\/\/pietra-communication.com\/ventesengros.fr\/wp-content\/uploads\/2014\/07\/creme-capillaire-coco-en-gros1.jpg\"><img loading=\"lazy\" decoding=\"async\" class=\"aligncenter size-full wp-image-29125\" src=\"http:\/\/pietra-communication.com\/ventesengros.fr\/wp-content\/uploads\/2014\/07\/creme-capillaire-coco-en-gros1.jpg\" alt=\"creme-capillaire-coco-en-gros\" width=\"400\" height=\"339\" srcset=\"https:\/\/ventesengros.fr\/wp-content\/uploads\/2014\/07\/creme-capillaire-coco-en-gros1.jpg 400w, https:\/\/ventesengros.fr\/wp-content\/uploads\/2014\/07\/creme-capillaire-coco-en-gros1-300x254.jpg 300w\" sizes=\"auto, (max-width: 400px) 100vw, 400px\" \/><\/a><\/p>\n<p><span style=\"color: #37404e;\">Um pequeno e pr\u00e1tico frasco de 100 ml que \u00e9 f\u00e1cil de abrir e cujo conte\u00fado \u00e9 \u00f3timo (n\u00e3o \u00e9 nada l\u00edquido).<\/span><br style=\"color: #37404e;\" \/><span style=\"color: #37404e;\"><br \/>\nN\u00e3o \u00e9 preciso muito para tornar o cabelo macio desde a primeira aplica\u00e7\u00e3o. .<\/span><\/p>\n<div style=\"color: #222222;\"><span style=\"color: #37404e; font-family: Helvetica, Arial, 'lucida grande', tahoma, verdana, arial, sans-serif;\"><br \/>\n<\/span><\/p>\n<div><span style=\"color: #37404e;\">\u00c9 f\u00e1cil de aplicar - basta pegar numa pequena quantidade e espalh\u00e1-la nas m\u00e3os, passando-a depois pelo cabelo. Efeito garantido!\u00a0<\/span><\/div>\n<div style=\"text-align: center;\"><span style=\"color: #37404e;\"><span style=\"color: #37404e;\"><br \/>\nNormalmente n\u00e3o cuido do meu cabelo, mas o\u00a0<span style=\"color: #222222;\">c\u00f4co<\/span>\u00a0atrai-me. Recentemente, o\u00a0<span style=\"color: #222222;\">c\u00f4co<\/span>\u00a0\u00e9 devastador. Encontra-se em todo o tipo de formas (\u00f3leos, cremes, etc.). Por isso, quis experimentar e as virtudes desta pomada deram-me vontade de o fazer e estou mais do que satisfeita.<\/span><\/span>Mais um produto na minha casa de banho) Ideal para o nosso cabelo, mas tamb\u00e9m para o cabelo dos homens! Cabe-lhe a si experiment\u00e1-lo!<\/div>\n<div style=\"text-align: center;\"><\/div>\n<div style=\"text-align: center;\">\n<h2 style=\"color: #3e3d3d;\">Orient Grossiste Teste os produtos para si!<\/h2>\n<\/div>\n<\/div>","protected":false},"excerpt":{"rendered":"<p>Aujourd\u2019hui, j&rsquo;ai test\u00e9 la POMMADE CAPILLAIRE\u00a0COCO de chez PLANTIL\u00a0. Cette pommade con\u00e7u \u00e0 base d&rsquo;huile v\u00e9g\u00e9tales aux multiples vertu .\u00a0 Un petit pot de 100ml super pratique dont l&rsquo;ouverture est facile et le contenu est juste super (pas liquide du tout) Il en faut pas beaucoup pour rendre d\u00e8s la premi\u00e8re application , les cheveux [&#8230;]\n","protected":false},"author":1,"featured_media":29128,"comment_status":"open","ping_status":"open","sticky":false,"template":"","format":"standard","meta":{"footnotes":""},"categories":[1285],"tags":[],"class_list":["post-29120","post","type-post","status-publish","format-standard","has-post-thumbnail","hentry","category-blog"],"_links":{"self":[{"href":"https:\/\/ventesengros.fr\/pt\/wp-json\/wp\/v2\/posts\/29120","targetHints":{"allow":["GET"]}}],"collection":[{"href":"https:\/\/ventesengros.fr\/pt\/wp-json\/wp\/v2\/posts"}],"about":[{"href":"https:\/\/ventesengros.fr\/pt\/wp-json\/wp\/v2\/types\/post"}],"author":[{"embeddable":true,"href":"https:\/\/ventesengros.fr\/pt\/wp-json\/wp\/v2\/users\/1"}],"replies":[{"embeddable":true,"href":"https:\/\/ventesengros.fr\/pt\/wp-json\/wp\/v2\/comments?post=29120"}],"version-history":[{"count":0,"href":"https:\/\/ventesengros.fr\/pt\/wp-json\/wp\/v2\/posts\/29120\/revisions"}],"wp:featuredmedia":[{"embeddable":true,"href":"https:\/\/ventesengros.fr\/pt\/wp-json\/wp\/v2\/media\/29128"}],"wp:attachment":[{"href":"https:\/\/ventesengros.fr\/pt\/wp-json\/wp\/v2\/media?parent=29120"}],"wp:term":[{"taxonomy":"category","embeddable":true,"href":"https:\/\/ventesengros.fr\/pt\/wp-json\/wp\/v2\/categories?post=29120"},{"taxonomy":"post_tag","embeddable":true,"href":"https:\/\/ventesengros.fr\/pt\/wp-json\/wp\/v2\/tags?post=29120"}],"curies":[{"name":"wp","href":"https:\/\/api.w.org\/{rel}","templated":true}]}}