{"id":28931,"date":"2014-07-10T16:13:16","date_gmt":"2014-07-10T15:13:16","guid":{"rendered":"http:\/\/pietra-communication.com\/ventesengros.fr\/?p=28931"},"modified":"2016-11-30T18:24:37","modified_gmt":"2016-11-30T17:24:37","slug":"teste-argrile-verte","status":"publish","type":"post","link":"https:\/\/ventesengros.fr\/pt\/ensaio-de-argila-verde\/","title":{"rendered":"Teste da Argila Branca"},"content":{"rendered":"<h2 style=\"text-align: center;\"><\/h2>\n<h2 style=\"text-align: center;\"><\/h2>\n<h2 style=\"text-align: center;\"><span style=\"color: #ff0000;\">ARGILA BRANCA<\/span><\/h2>\n<p>&nbsp;<\/p>\n<p>Testei um tratamento facial com argila para si. A argila verde, vermelha ou branca est\u00e1 dispon\u00edvel para todos os tipos de pele. Como tenho a pele seca, utilizei argila branca. Para peles normais e oleosas, a argila verde \u00e9 a mais indicada. Se a sua pele for ba\u00e7a e muito seca, utilize argila vermelha. .<\/p>\n<p><a href=\"http:\/\/pietra-communication.com\/ventesengros.fr\/wp-content\/uploads\/2014\/07\/ARGILE-BLOG.jpeg\"><img loading=\"lazy\" decoding=\"async\" class=\"aligncenter size-full wp-image-28932\" src=\"http:\/\/pietra-communication.com\/ventesengros.fr\/wp-content\/uploads\/2014\/07\/ARGILE-BLOG.jpeg\" alt=\"BLOGUE DO BARRO\" width=\"224\" height=\"224\" srcset=\"https:\/\/ventesengros.fr\/wp-content\/uploads\/2014\/07\/ARGILE-BLOG.jpeg 224w, https:\/\/ventesengros.fr\/wp-content\/uploads\/2014\/07\/ARGILE-BLOG-150x150.jpeg 150w, https:\/\/ventesengros.fr\/wp-content\/uploads\/2014\/07\/ARGILE-BLOG-100x100.jpeg 100w, https:\/\/ventesengros.fr\/wp-content\/uploads\/2014\/07\/ARGILE-BLOG-206x206.jpeg 206w\" sizes=\"auto, (max-width: 224px) 100vw, 224px\" \/><\/a><\/p>\n<p>&nbsp;<\/p>\n<h2 style=\"text-align: center;\"><span style=\"color: #ff0000;\">OS BENEF\u00cdCIOS DA ARGILA<\/span><\/h2>\n<p>Sabia que? Para al\u00e9m de ser anti-s\u00e9ptica, absorvente, cicatrizante, estimulante e purificante, a argila purifica a pele e restaura a sua firmeza e luminosidade. Os poros s\u00e3o desobstru\u00eddos, a pele recupera o seu belo aspeto e a tez torna-se radiante. Tamb\u00e9m pode ser utilizada no cabelo, limpando o couro cabeludo e deixando o cabelo flex\u00edvel e brilhante.<\/p>\n<p>&nbsp;<\/p>\n<h2 style=\"text-align: center;\"><span style=\"color: #ff0000;\">EFEITO IMEDIATO<\/span><\/h2>\n<p>Desde a primeira aplica\u00e7\u00e3o, senti uma frescura no meu rosto, a minha pele ficou mais suave e a minha tez radiante. Para um produto de cuidado da pele NATURAL, recomendo-o. Limpa os poros e, a longo prazo, os pontos negros desaparecer\u00e3o.<\/p>\n<p>&nbsp;<\/p>\n<h2 style=\"text-align: center;\"><span style=\"color: #ff0000;\">COMO \u00c9 QUE O UTILIZO?<\/span><\/h2>\n<p>\u00c9 muito simples. Basta misturar quantidades iguais de argila com \u00e1gua ou \u00f3leo (\u00f3leo de rosas, por exemplo). Pessoalmente, coloco num recipiente pequeno cerca de 2 colheres de sopa de argila com \u00e1gua de rosas (cerca de 1 tampa), formando assim uma \u00abpomada\u00bb que pode depois aplicar apenas na zona T do rosto (FRENTE, NARIZ, QUEIXO) ou em todo o rosto. .<\/p>\n<p>A escolha \u00e9 sua! Deixar atuar durante cerca de 15 minutos, passar por \u00e1gua morna e j\u00e1 est\u00e1. A minha pequena dica \u00e9 que, quando o meu rosto estiver seco, pego num algod\u00e3o, embebo-o em \u00e1gua de rosas e passo-o pelo rosto, o que garante um EFEITO FRESCO!<\/p>\n<p style=\"text-align: center;\"><a href=\"http:\/\/pietra-communication.com\/ventesengros.fr\/wp-content\/uploads\/2014\/07\/grossiste-argile-blanche1.jpg\"><img loading=\"lazy\" decoding=\"async\" class=\"aligncenter size-full wp-image-29129\" src=\"http:\/\/pietra-communication.com\/ventesengros.fr\/wp-content\/uploads\/2014\/07\/grossiste-argile-blanche1.jpg\" alt=\"grossista-branco-argila\" width=\"400\" height=\"339\" srcset=\"https:\/\/ventesengros.fr\/wp-content\/uploads\/2014\/07\/grossiste-argile-blanche1.jpg 400w, https:\/\/ventesengros.fr\/wp-content\/uploads\/2014\/07\/grossiste-argile-blanche1-300x254.jpg 300w\" sizes=\"auto, (max-width: 400px) 100vw, 400px\" \/><\/a><\/p>\n<h2 style=\"color: #3e3d3d; text-align: center;\">Orient Grossiste Teste os produtos para si!<\/h2>\n<h3 style=\"text-align: center;\"><\/h3>","protected":false},"excerpt":{"rendered":"<p>ARGILE BLANCHE &nbsp; J\u2019ai test\u00e9 pour vous un soin du visage \u00e0 l\u2019argile. Verte, rouge ou blanche il y en a pour tout\u00a0type de peau. Ayant la peau s\u00e8che j\u2019ai utilis\u00e9 l\u2019argile blanche. Pour les peaux normal et grasses la plus adapt\u00e9 est l\u2019argile verte. Si votre peau est terne et tr\u00e8s s\u00e8che utiliser l\u2019argile\u00a0rouge [&#8230;]\n","protected":false},"author":1,"featured_media":29131,"comment_status":"open","ping_status":"open","sticky":false,"template":"","format":"standard","meta":{"footnotes":""},"categories":[1285],"tags":[540,541,542,544,543],"class_list":["post-28931","post","type-post","status-publish","format-standard","has-post-thumbnail","hentry","category-blog","tag-argile-blanche","tag-argile-blanche-avis","tag-argile-blanche-teste","tag-effet-argile-blanche","tag-orient-grossiste-argile-blanche"],"_links":{"self":[{"href":"https:\/\/ventesengros.fr\/pt\/wp-json\/wp\/v2\/posts\/28931","targetHints":{"allow":["GET"]}}],"collection":[{"href":"https:\/\/ventesengros.fr\/pt\/wp-json\/wp\/v2\/posts"}],"about":[{"href":"https:\/\/ventesengros.fr\/pt\/wp-json\/wp\/v2\/types\/post"}],"author":[{"embeddable":true,"href":"https:\/\/ventesengros.fr\/pt\/wp-json\/wp\/v2\/users\/1"}],"replies":[{"embeddable":true,"href":"https:\/\/ventesengros.fr\/pt\/wp-json\/wp\/v2\/comments?post=28931"}],"version-history":[{"count":0,"href":"https:\/\/ventesengros.fr\/pt\/wp-json\/wp\/v2\/posts\/28931\/revisions"}],"wp:featuredmedia":[{"embeddable":true,"href":"https:\/\/ventesengros.fr\/pt\/wp-json\/wp\/v2\/media\/29131"}],"wp:attachment":[{"href":"https:\/\/ventesengros.fr\/pt\/wp-json\/wp\/v2\/media?parent=28931"}],"wp:term":[{"taxonomy":"category","embeddable":true,"href":"https:\/\/ventesengros.fr\/pt\/wp-json\/wp\/v2\/categories?post=28931"},{"taxonomy":"post_tag","embeddable":true,"href":"https:\/\/ventesengros.fr\/pt\/wp-json\/wp\/v2\/tags?post=28931"}],"curies":[{"name":"wp","href":"https:\/\/api.w.org\/{rel}","templated":true}]}}